{"id":3030,"date":"2024-06-23T17:23:58","date_gmt":"2024-06-23T23:23:58","guid":{"rendered":"https:\/\/www.elhogareducador.org\/ehe\/?p=3030"},"modified":"2024-06-23T17:47:46","modified_gmt":"2024-06-23T23:47:46","slug":"la-envidia-la-lucha-silenciosa-entre-hermanos","status":"publish","type":"post","link":"https:\/\/www.elhogareducador.org\/ehe\/2024\/06\/23\/la-envidia-la-lucha-silenciosa-entre-hermanos\/","title":{"rendered":"La envidia: la lucha silenciosa entre hermanos"},"content":{"rendered":"\n<p class=\"wp-block-paragraph\"><strong>Por Mike Richardson<\/strong><\/p>\n\n\n\n<p class=\"wp-block-paragraph\">En un mundo de redes sociales donde se muestran los aspectos m\u00e1s destacados de todos, es f\u00e1cil caer en la trampa de la comparaci\u00f3n y la envidia. Pero cuando se trata de hermanos, estos sentimientos pueden llegar incluso m\u00e1s cerca de casa. La rivalidad entre hermanos y los celos son luchas ancestrales que pueden convertirse r\u00e1pidamente en relaciones t\u00f3xicas si no se controlan. Como cristianos, estamos llamados a un nivel m\u00e1s alto de amor y gracia unos hacia otros, incluso frente a la envidia. Exploremos los peligros de la envidia entre hermanos y c\u00f3mo podemos cultivar relaciones saludables con nuestros hermanos y hermanas a trav\u00e9s de Cristo.<\/p>\n\n\n\n<p class=\"wp-block-paragraph\">Tendemos a compararnos con nuestros hermanos en t\u00e9rminos de logros, posesiones materiales y conexiones personales, lo que puede resultar en sentimientos de envidia. La envidia es una emoci\u00f3n poderosa que puede consumirnos si no tenemos cuidado. Puede generar amargura, resentimiento e incluso odio hacia los dem\u00e1s. Como cristianos, estamos llamados a amarnos unos a otros y a estar contentos con lo que hemos sido bendecidos.<\/p>\n\n\n\n<p class=\"wp-block-paragraph\">La fuente de la envidia a menudo reside en nuestras propias inseguridades y sentimientos de insuficiencia. Cuando nos comparamos con los dem\u00e1s, nos centramos en lo que nos falta en lugar de agradecer lo que tenemos. Esto puede llevar a un ciclo interminable de querer m\u00e1s y nunca estar satisfecho.<\/p>\n\n\n\n<p class=\"wp-block-paragraph\">En lugar de permitir que la envidia nos controle, debemos volvernos a Dios y buscar su gu\u00eda y fortaleza. \u00c9l nos ha dado a cada uno de nosotros dones y talentos \u00fanicos y estamos llamados a usarlos para Su gloria. Cuando nos concentramos en servir a los dem\u00e1s y agradecer lo que tenemos, la envidia pierde su poder sobre nosotros.<\/p>\n\n\n\n<p class=\"wp-block-paragraph\">Jes\u00fas dijo en Lucas 12:15: &#8220;Mirad y guardaos de la codicia, porque la vida no consiste en la abundancia de los bienes que se poseen&#8221;. Nuestro valor no est\u00e1 determinado por lo que tenemos o lo que otros tienen, sino por nuestra relaci\u00f3n con Dios.<\/p>\n\n\n\n<p class=\"wp-block-paragraph\">Esforc\u00e9monos por estar contentos con lo que tenemos, confiar en el plan de Dios para nuestras vidas y mostrar amor y compasi\u00f3n hacia los dem\u00e1s. Al reconocer la fuente de la envidia y acudir a Dios en busca de gu\u00eda, podemos superar esta emoci\u00f3n destructiva y vivir una vida de paz y satisfacci\u00f3n.<\/p>\n\n\n\n<p class=\"wp-block-paragraph\">Como cristianos, estamos llamados a vivir una vida de gratitud y satisfacci\u00f3n. La Biblia nos dice en 1 Tesalonicenses 5:18: &#8220;Dad gracias en todo, porque esta es la voluntad de Dios para con vosotros en Cristo Jes\u00fas&#8221;. Esto significa que no importa en qu\u00e9 situaci\u00f3n nos encontremos, debemos estar agradecidos por las bendiciones que hemos recibido.<\/p>\n\n\n\n<p class=\"wp-block-paragraph\">Cuando practicamos la gratitud, nos llena un sentimiento de aprecio por los dones que Dios nos ha dado. En lugar de centrarnos en lo que otros pueden tener y nosotros no, debemos centrar nuestra atenci\u00f3n en todas las formas en que Dios nos ha bendecido. Ya sea nuestra salud, nuestra familia, nuestros amigos o nuestros talentos, siempre hay algo por lo que estar agradecido.<\/p>\n\n\n\n<p class=\"wp-block-paragraph\">El contenido va de la mano de la gratitud. Cuando estamos contentos con lo que tenemos, podemos encontrar alegr\u00eda y paz en el momento presente. Confiamos en el plan de Dios para nuestras vidas y entendemos que \u00c9l nos ha proporcionado todo lo que necesitamos. Como dice en Filipenses 4:11-12: &#8220;No es que hable por necesidad, porque he aprendido a estar contento en cualquier estado en que me encuentre. S\u00e9 estar humilde, y s\u00e9 tener abundancia. En todas partes y en todo he aprendido, as\u00ed a tener saciedad como a tener hambre, as\u00ed a tener abundancia como a padecer necesidad\u201d.<\/p>\n\n\n\n<p class=\"wp-block-paragraph\">Compararnos con los dem\u00e1s s\u00f3lo genera sentimientos de insuficiencia y envidia. En lugar de codiciar lo que nuestros hermanos puedan poseer, debemos centrarnos en nuestro viaje \u00fanico y en las bendiciones que Dios nos ha otorgado. Cuando cultivamos un coraz\u00f3n de gratitud y contentamiento, podemos encontrar verdadera felicidad y plenitud en el amor de Dios.<\/p>\n\n\n\n<p class=\"wp-block-paragraph\">Esforc\u00e9monos por practicar la gratitud y el contentamiento en todos los aspectos de nuestra vida, confiando en la provisi\u00f3n de Dios y regocij\u00e1ndonos en las bendiciones que \u00c9l nos ha dado. Al hacerlo, podemos combatir los sentimientos de envidia y abrazar una vida de paz y gozo en Cristo.<\/p>\n\n\n\n<p class=\"wp-block-paragraph\">En lugar de compararnos con nuestros hermanos u otras personas, deber\u00edamos centrarnos en estar agradecidos por las bendiciones que tenemos en nuestras propias vidas.<\/p>\n\n\n\n<p class=\"wp-block-paragraph\">En el libro de Romanos, Pablo nos recuerda &#8220;regocijarnos con los que se alegran&#8221; (Romanos 12:15). Esto significa que no s\u00f3lo debemos alegrarnos por nuestros hermanos y otras personas cuando logran grandes cosas, sino que tambi\u00e9n debemos celebrar activamente con ellos. Ya sea un ascenso en el trabajo, un hito personal o una victoria espiritual, debemos ser sus mayores animadores.<\/p>\n\n\n\n<p class=\"wp-block-paragraph\">Este tipo de amor y apoyo desinteresados \u200b\u200bes exactamente lo que Jes\u00fas model\u00f3 para nosotros. Siempre antepon\u00eda a los dem\u00e1s a s\u00ed mismo y se regocijaba con sus \u00e9xitos. En Filipenses 2:3-4, Pablo nos anima a &#8220;Nada hag\u00e1is por contienda o por vanidad, sino con humildad, estimando cada uno a los dem\u00e1s como superiores a s\u00ed mismo. Cada uno de vosotros busque no s\u00f3lo sus propios intereses, sino tambi\u00e9n tambi\u00e9n por los intereses de los dem\u00e1s.&#8221;<\/p>\n\n\n\n<p class=\"wp-block-paragraph\">Entonces, la pr\u00f3xima vez que tu hermano u otra persona logre algo sorprendente, resiste la tentaci\u00f3n de compararte con ellos o sentir envidia. En su lugar, elija celebrar con ellos de todo coraz\u00f3n. Tu relaci\u00f3n con ellos se fortalecer\u00e1 y seguir\u00e1s los pasos de nuestro amoroso Salvador.<\/p>\n\n\n\n<p class=\"wp-block-paragraph\">Cuando nos enfocamos en nuestro propio crecimiento y metas, podemos abrazar plenamente el plan \u00fanico que Dios tiene para nuestras vidas. Todos somos creados con diferentes talentos, intereses y ambiciones, y cuando descuidamos nuestro propio viaje al compararnos constantemente con los dem\u00e1s, no estamos aprovechando todo nuestro potencial.<\/p>\n\n\n\n<p class=\"wp-block-paragraph\">Puede ser f\u00e1cil caer en la trampa de los celos cuando vemos a nuestros hermanos o compa\u00f1eros lograr el \u00e9xito en \u00e1reas que nosotros deseamos para nosotros. Sin embargo, esta envidia s\u00f3lo sirve para obstaculizar nuestro propio progreso y robarnos la alegr\u00eda que proviene de perseguir nuestros propios sue\u00f1os.<\/p>\n\n\n\n<p class=\"wp-block-paragraph\">En lugar de permitir que los celos nos consuman, podemos optar por celebrar los logros de los dem\u00e1s y al mismo tiempo reconocer el valor de nuestro propio viaje. Al establecer metas realistas y dar pasos hacia el crecimiento personal y espiritual, podemos comenzar a ver la belleza en nuestro camino \u00fanico.<\/p>\n\n\n\n<p class=\"wp-block-paragraph\">Dios tiene un plan para todos y cada uno de nosotros, y cuando nos concentramos en nuestro propio crecimiento y metas, podemos abrazar plenamente la vida abundante que \u00c9l nos ha prometido. As\u00ed que no nos distraigamos por lo que otros est\u00e1n haciendo, sino compromet\u00e1monos a invertir en nosotros mismos y en el viaje que Dios nos ha trazado. Al hacerlo, podemos encontrar verdadera plenitud y satisfacci\u00f3n en nuestros propios logros, sabiendo que estamos viviendo el prop\u00f3sito que Dios ha puesto ante nosotros.<\/p>\n\n\n\n<p class=\"wp-block-paragraph\">Al final, es crucial recordar que todos somos hijos de Dios, cada uno de nosotros amados y apreciados a nuestra manera \u00fanica. La envidia s\u00f3lo sirve para alejarnos de nuestros hermanos y de Dios. En lugar de eso, elijamos caminar en unidad y amor, levant\u00e1ndonos unos a otros y regocij\u00e1ndonos en las bendiciones que se nos presenten.<\/p>\n\n\n\n<p class=\"wp-block-paragraph\">A medida que continuamos en nuestro camino de fe, siempre podemos recurrir a Dios en busca de gu\u00eda y fortaleza. A trav\u00e9s de la oraci\u00f3n y la reflexi\u00f3n, podemos encontrar la paz y la satisfacci\u00f3n que se nos han escapado en el pasado. Apoy\u00e9monos en nuestra fe para superar la envidia y construir relaciones m\u00e1s s\u00f3lidas y satisfactorias con nuestros hermanos.<\/p>\n\n\n\n<p class=\"wp-block-paragraph\">Al final, todos debemos esforzarnos por vivir en armon\u00eda unos con otros, buscando siempre apoyarnos y animarnos unos a otros en nuestros viajes individuales. Recordar que la envidia s\u00f3lo trae amargura y descontento, mientras que el amor y la gratitud traen alegr\u00eda y plenitud. Y recordad siempre no hacer nada por ambici\u00f3n ego\u00edsta o vana vanidad, sino con humildad, valorar a los dem\u00e1s por encima de vosotros mismos.<\/p>\n\n\n\n<p class=\"wp-block-paragraph\">A partir de este momento, elige desarrollar un renovado sentido de amor y aprecio por tus hermanos y el compromiso de dejar atr\u00e1s la envidia. Con la gracia y la gu\u00eda de Dios, podemos superar cualquier obst\u00e1culo y construir relaciones m\u00e1s fuertes y amorosas con quienes nos rodean.<\/p>\n\n\n\n<p class=\"wp-block-paragraph\">En conclusi\u00f3n, la envidia entre hermanos es una lucha com\u00fan que puede disminuir las relaciones y robarnos la alegr\u00eda y la satisfacci\u00f3n. Como cristianos, estamos llamados a amarnos unos a otros, celebrar los \u00e9xitos de los dem\u00e1s y confiar en el plan de Dios para nuestras vidas.<\/p>\n\n\n\n<p class=\"wp-block-paragraph\">Al cultivar la gratitud, la satisfacci\u00f3n y centrarnos en nuestro propio viaje \u00fanico, podemos superar la envidia y fortalecer nuestras relaciones con nuestros hermanos. Elijamos caminar en unidad, apoyo y amor, valorando siempre a los dem\u00e1s por encima de nosotros mismos. Con la gracia y la gu\u00eda de Dios, podemos dejar atr\u00e1s la envidia y abrazar una vida llena de paz, alegr\u00eda y plenitud.<\/p>\n\n\n\n<p class=\"wp-block-paragraph\">Que Dios te bendiga en tu camino hacia una vida m\u00e1s plena y llena de alegr\u00eda, libre de envidias y llena de amor.<\/p>\n","protected":false},"excerpt":{"rendered":"<p>Por Mike Richardson En un mundo de redes sociales donde se muestran los aspectos m\u00e1s destacados de todos, es f\u00e1cil caer en la trampa de la comparaci\u00f3n y la envidia. [&hellip;]<\/p>\n","protected":false},"author":1,"featured_media":3031,"comment_status":"open","ping_status":"open","sticky":false,"template":"","format":"standard","meta":{"give_campaign_id":0,"footnotes":""},"categories":[76,3,8],"tags":[],"class_list":["post-3030","post","type-post","status-publish","format-standard","has-post-thumbnail","hentry","category-articulos","category-entrenamiento-en-caracter","category-para-jovenes"],"yoast_head":"<!-- This site is optimized with the Yoast SEO plugin v27.2 - https:\/\/yoast.com\/product\/yoast-seo-wordpress\/ -->\n<title>La envidia: la lucha silenciosa entre hermanos - El Hogar Educador<\/title>\n<meta name=\"robots\" content=\"index, follow, max-snippet:-1, max-image-preview:large, max-video-preview:-1\" \/>\n<link rel=\"canonical\" href=\"https:\/\/www.elhogareducador.org\/ehe\/2024\/06\/23\/la-envidia-la-lucha-silenciosa-entre-hermanos\/\" \/>\n<meta property=\"og:locale\" content=\"es_MX\" \/>\n<meta property=\"og:type\" content=\"article\" \/>\n<meta property=\"og:title\" content=\"La envidia: la lucha silenciosa entre hermanos - El Hogar Educador\" \/>\n<meta property=\"og:description\" content=\"Por Mike Richardson En un mundo de redes sociales donde se muestran los aspectos m\u00e1s destacados de todos, es f\u00e1cil caer en la trampa de la comparaci\u00f3n y la envidia. [&hellip;]\" \/>\n<meta property=\"og:url\" content=\"https:\/\/www.elhogareducador.org\/ehe\/2024\/06\/23\/la-envidia-la-lucha-silenciosa-entre-hermanos\/\" \/>\n<meta property=\"og:site_name\" content=\"El Hogar Educador\" \/>\n<meta property=\"article:publisher\" content=\"https:\/\/www.facebook.com\/ElHogarEducador\" \/>\n<meta property=\"article:published_time\" content=\"2024-06-23T23:23:58+00:00\" \/>\n<meta property=\"article:modified_time\" content=\"2024-06-23T23:47:46+00:00\" \/>\n<meta property=\"og:image\" content=\"https:\/\/www.elhogareducador.org\/ehe\/wp-content\/uploads\/2024\/06\/envidia-entre-hermanos.jpg\" \/>\n\t<meta property=\"og:image:width\" content=\"1024\" \/>\n\t<meta property=\"og:image:height\" content=\"1024\" \/>\n\t<meta property=\"og:image:type\" content=\"image\/jpeg\" \/>\n<meta name=\"author\" content=\"El Hogar Educador\" \/>\n<meta name=\"twitter:card\" content=\"summary_large_image\" \/>\n<meta name=\"twitter:label1\" content=\"Escrito por\" \/>\n\t<meta name=\"twitter:data1\" content=\"El Hogar Educador\" \/>\n\t<meta name=\"twitter:label2\" content=\"Tiempo de lectura\" \/>\n\t<meta name=\"twitter:data2\" content=\"8 minutos\" \/>\n<script type=\"application\/ld+json\" class=\"yoast-schema-graph\">{\"@context\":\"https:\/\/schema.org\",\"@graph\":[{\"@type\":\"Article\",\"@id\":\"https:\/\/www.elhogareducador.org\/ehe\/2024\/06\/23\/la-envidia-la-lucha-silenciosa-entre-hermanos\/#article\",\"isPartOf\":{\"@id\":\"https:\/\/www.elhogareducador.org\/ehe\/2024\/06\/23\/la-envidia-la-lucha-silenciosa-entre-hermanos\/\"},\"author\":{\"name\":\"El Hogar Educador\",\"@id\":\"https:\/\/www.elhogareducador.org\/ehe\/#\/schema\/person\/0ba0d5424cb336e9441a348b0b750294\"},\"headline\":\"La envidia: la lucha silenciosa entre hermanos\",\"datePublished\":\"2024-06-23T23:23:58+00:00\",\"dateModified\":\"2024-06-23T23:47:46+00:00\",\"mainEntityOfPage\":{\"@id\":\"https:\/\/www.elhogareducador.org\/ehe\/2024\/06\/23\/la-envidia-la-lucha-silenciosa-entre-hermanos\/\"},\"wordCount\":1613,\"commentCount\":0,\"publisher\":{\"@id\":\"https:\/\/www.elhogareducador.org\/ehe\/#organization\"},\"image\":{\"@id\":\"https:\/\/www.elhogareducador.org\/ehe\/2024\/06\/23\/la-envidia-la-lucha-silenciosa-entre-hermanos\/#primaryimage\"},\"thumbnailUrl\":\"https:\/\/www.elhogareducador.org\/ehe\/wp-content\/uploads\/2024\/06\/envidia-entre-hermanos.jpg\",\"articleSection\":[\"Art\u00edculos\",\"Entrenamiento en car\u00e1cter\",\"Para j\u00f3venes\"],\"inLanguage\":\"es\",\"potentialAction\":[{\"@type\":\"CommentAction\",\"name\":\"Comment\",\"target\":[\"https:\/\/www.elhogareducador.org\/ehe\/2024\/06\/23\/la-envidia-la-lucha-silenciosa-entre-hermanos\/#respond\"]}]},{\"@type\":\"WebPage\",\"@id\":\"https:\/\/www.elhogareducador.org\/ehe\/2024\/06\/23\/la-envidia-la-lucha-silenciosa-entre-hermanos\/\",\"url\":\"https:\/\/www.elhogareducador.org\/ehe\/2024\/06\/23\/la-envidia-la-lucha-silenciosa-entre-hermanos\/\",\"name\":\"La envidia: la lucha silenciosa entre hermanos - El Hogar Educador\",\"isPartOf\":{\"@id\":\"https:\/\/www.elhogareducador.org\/ehe\/#website\"},\"primaryImageOfPage\":{\"@id\":\"https:\/\/www.elhogareducador.org\/ehe\/2024\/06\/23\/la-envidia-la-lucha-silenciosa-entre-hermanos\/#primaryimage\"},\"image\":{\"@id\":\"https:\/\/www.elhogareducador.org\/ehe\/2024\/06\/23\/la-envidia-la-lucha-silenciosa-entre-hermanos\/#primaryimage\"},\"thumbnailUrl\":\"https:\/\/www.elhogareducador.org\/ehe\/wp-content\/uploads\/2024\/06\/envidia-entre-hermanos.jpg\",\"datePublished\":\"2024-06-23T23:23:58+00:00\",\"dateModified\":\"2024-06-23T23:47:46+00:00\",\"breadcrumb\":{\"@id\":\"https:\/\/www.elhogareducador.org\/ehe\/2024\/06\/23\/la-envidia-la-lucha-silenciosa-entre-hermanos\/#breadcrumb\"},\"inLanguage\":\"es\",\"potentialAction\":[{\"@type\":\"ReadAction\",\"target\":[\"https:\/\/www.elhogareducador.org\/ehe\/2024\/06\/23\/la-envidia-la-lucha-silenciosa-entre-hermanos\/\"]}]},{\"@type\":\"ImageObject\",\"inLanguage\":\"es\",\"@id\":\"https:\/\/www.elhogareducador.org\/ehe\/2024\/06\/23\/la-envidia-la-lucha-silenciosa-entre-hermanos\/#primaryimage\",\"url\":\"https:\/\/www.elhogareducador.org\/ehe\/wp-content\/uploads\/2024\/06\/envidia-entre-hermanos.jpg\",\"contentUrl\":\"https:\/\/www.elhogareducador.org\/ehe\/wp-content\/uploads\/2024\/06\/envidia-entre-hermanos.jpg\",\"width\":1024,\"height\":1024},{\"@type\":\"BreadcrumbList\",\"@id\":\"https:\/\/www.elhogareducador.org\/ehe\/2024\/06\/23\/la-envidia-la-lucha-silenciosa-entre-hermanos\/#breadcrumb\",\"itemListElement\":[{\"@type\":\"ListItem\",\"position\":1,\"name\":\"Inicio\",\"item\":\"https:\/\/www.elhogareducador.org\/ehe\/\"},{\"@type\":\"ListItem\",\"position\":2,\"name\":\"La envidia: la lucha silenciosa entre hermanos\"}]},{\"@type\":\"WebSite\",\"@id\":\"https:\/\/www.elhogareducador.org\/ehe\/#website\",\"url\":\"https:\/\/www.elhogareducador.org\/ehe\/\",\"name\":\"El Hogar Educador\",\"description\":\"Orienta, capacita y apoya a las familias que educan en el hogar en el mundo hispano.\",\"publisher\":{\"@id\":\"https:\/\/www.elhogareducador.org\/ehe\/#organization\"},\"potentialAction\":[{\"@type\":\"SearchAction\",\"target\":{\"@type\":\"EntryPoint\",\"urlTemplate\":\"https:\/\/www.elhogareducador.org\/ehe\/?s={search_term_string}\"},\"query-input\":{\"@type\":\"PropertyValueSpecification\",\"valueRequired\":true,\"valueName\":\"search_term_string\"}}],\"inLanguage\":\"es\"},{\"@type\":\"Organization\",\"@id\":\"https:\/\/www.elhogareducador.org\/ehe\/#organization\",\"name\":\"El Hogar Educador\",\"url\":\"https:\/\/www.elhogareducador.org\/ehe\/\",\"logo\":{\"@type\":\"ImageObject\",\"inLanguage\":\"es\",\"@id\":\"https:\/\/www.elhogareducador.org\/ehe\/#\/schema\/logo\/image\/\",\"url\":\"https:\/\/www.elhogareducador.org\/ehe\/wp-content\/uploads\/2019\/11\/logo-ehe3.png\",\"contentUrl\":\"https:\/\/www.elhogareducador.org\/ehe\/wp-content\/uploads\/2019\/11\/logo-ehe3.png\",\"width\":418,\"height\":46,\"caption\":\"El Hogar Educador\"},\"image\":{\"@id\":\"https:\/\/www.elhogareducador.org\/ehe\/#\/schema\/logo\/image\/\"},\"sameAs\":[\"https:\/\/www.facebook.com\/ElHogarEducador\"]},{\"@type\":\"Person\",\"@id\":\"https:\/\/www.elhogareducador.org\/ehe\/#\/schema\/person\/0ba0d5424cb336e9441a348b0b750294\",\"name\":\"El Hogar Educador\",\"image\":{\"@type\":\"ImageObject\",\"inLanguage\":\"es\",\"@id\":\"https:\/\/secure.gravatar.com\/avatar\/98ffefa80d235fb2ec35dd0b69d242693c3b3fa92864a6f87951965a4ca66783?s=96&d=blank&r=g\",\"url\":\"https:\/\/secure.gravatar.com\/avatar\/98ffefa80d235fb2ec35dd0b69d242693c3b3fa92864a6f87951965a4ca66783?s=96&d=blank&r=g\",\"contentUrl\":\"https:\/\/secure.gravatar.com\/avatar\/98ffefa80d235fb2ec35dd0b69d242693c3b3fa92864a6f87951965a4ca66783?s=96&d=blank&r=g\",\"caption\":\"El Hogar Educador\"},\"url\":\"https:\/\/www.elhogareducador.org\/ehe\/author\/eheadministrador\/\"}]}<\/script>\n<!-- \/ Yoast SEO plugin. -->","yoast_head_json":{"title":"La envidia: la lucha silenciosa entre hermanos - El Hogar Educador","robots":{"index":"index","follow":"follow","max-snippet":"max-snippet:-1","max-image-preview":"max-image-preview:large","max-video-preview":"max-video-preview:-1"},"canonical":"https:\/\/www.elhogareducador.org\/ehe\/2024\/06\/23\/la-envidia-la-lucha-silenciosa-entre-hermanos\/","og_locale":"es_MX","og_type":"article","og_title":"La envidia: la lucha silenciosa entre hermanos - El Hogar Educador","og_description":"Por Mike Richardson En un mundo de redes sociales donde se muestran los aspectos m\u00e1s destacados de todos, es f\u00e1cil caer en la trampa de la comparaci\u00f3n y la envidia. [&hellip;]","og_url":"https:\/\/www.elhogareducador.org\/ehe\/2024\/06\/23\/la-envidia-la-lucha-silenciosa-entre-hermanos\/","og_site_name":"El Hogar Educador","article_publisher":"https:\/\/www.facebook.com\/ElHogarEducador","article_published_time":"2024-06-23T23:23:58+00:00","article_modified_time":"2024-06-23T23:47:46+00:00","og_image":[{"width":1024,"height":1024,"url":"https:\/\/www.elhogareducador.org\/ehe\/wp-content\/uploads\/2024\/06\/envidia-entre-hermanos.jpg","type":"image\/jpeg"}],"author":"El Hogar Educador","twitter_card":"summary_large_image","twitter_misc":{"Escrito por":"El Hogar Educador","Tiempo de lectura":"8 minutos"},"schema":{"@context":"https:\/\/schema.org","@graph":[{"@type":"Article","@id":"https:\/\/www.elhogareducador.org\/ehe\/2024\/06\/23\/la-envidia-la-lucha-silenciosa-entre-hermanos\/#article","isPartOf":{"@id":"https:\/\/www.elhogareducador.org\/ehe\/2024\/06\/23\/la-envidia-la-lucha-silenciosa-entre-hermanos\/"},"author":{"name":"El Hogar Educador","@id":"https:\/\/www.elhogareducador.org\/ehe\/#\/schema\/person\/0ba0d5424cb336e9441a348b0b750294"},"headline":"La envidia: la lucha silenciosa entre hermanos","datePublished":"2024-06-23T23:23:58+00:00","dateModified":"2024-06-23T23:47:46+00:00","mainEntityOfPage":{"@id":"https:\/\/www.elhogareducador.org\/ehe\/2024\/06\/23\/la-envidia-la-lucha-silenciosa-entre-hermanos\/"},"wordCount":1613,"commentCount":0,"publisher":{"@id":"https:\/\/www.elhogareducador.org\/ehe\/#organization"},"image":{"@id":"https:\/\/www.elhogareducador.org\/ehe\/2024\/06\/23\/la-envidia-la-lucha-silenciosa-entre-hermanos\/#primaryimage"},"thumbnailUrl":"https:\/\/www.elhogareducador.org\/ehe\/wp-content\/uploads\/2024\/06\/envidia-entre-hermanos.jpg","articleSection":["Art\u00edculos","Entrenamiento en car\u00e1cter","Para j\u00f3venes"],"inLanguage":"es","potentialAction":[{"@type":"CommentAction","name":"Comment","target":["https:\/\/www.elhogareducador.org\/ehe\/2024\/06\/23\/la-envidia-la-lucha-silenciosa-entre-hermanos\/#respond"]}]},{"@type":"WebPage","@id":"https:\/\/www.elhogareducador.org\/ehe\/2024\/06\/23\/la-envidia-la-lucha-silenciosa-entre-hermanos\/","url":"https:\/\/www.elhogareducador.org\/ehe\/2024\/06\/23\/la-envidia-la-lucha-silenciosa-entre-hermanos\/","name":"La envidia: la lucha silenciosa entre hermanos - El Hogar Educador","isPartOf":{"@id":"https:\/\/www.elhogareducador.org\/ehe\/#website"},"primaryImageOfPage":{"@id":"https:\/\/www.elhogareducador.org\/ehe\/2024\/06\/23\/la-envidia-la-lucha-silenciosa-entre-hermanos\/#primaryimage"},"image":{"@id":"https:\/\/www.elhogareducador.org\/ehe\/2024\/06\/23\/la-envidia-la-lucha-silenciosa-entre-hermanos\/#primaryimage"},"thumbnailUrl":"https:\/\/www.elhogareducador.org\/ehe\/wp-content\/uploads\/2024\/06\/envidia-entre-hermanos.jpg","datePublished":"2024-06-23T23:23:58+00:00","dateModified":"2024-06-23T23:47:46+00:00","breadcrumb":{"@id":"https:\/\/www.elhogareducador.org\/ehe\/2024\/06\/23\/la-envidia-la-lucha-silenciosa-entre-hermanos\/#breadcrumb"},"inLanguage":"es","potentialAction":[{"@type":"ReadAction","target":["https:\/\/www.elhogareducador.org\/ehe\/2024\/06\/23\/la-envidia-la-lucha-silenciosa-entre-hermanos\/"]}]},{"@type":"ImageObject","inLanguage":"es","@id":"https:\/\/www.elhogareducador.org\/ehe\/2024\/06\/23\/la-envidia-la-lucha-silenciosa-entre-hermanos\/#primaryimage","url":"https:\/\/www.elhogareducador.org\/ehe\/wp-content\/uploads\/2024\/06\/envidia-entre-hermanos.jpg","contentUrl":"https:\/\/www.elhogareducador.org\/ehe\/wp-content\/uploads\/2024\/06\/envidia-entre-hermanos.jpg","width":1024,"height":1024},{"@type":"BreadcrumbList","@id":"https:\/\/www.elhogareducador.org\/ehe\/2024\/06\/23\/la-envidia-la-lucha-silenciosa-entre-hermanos\/#breadcrumb","itemListElement":[{"@type":"ListItem","position":1,"name":"Inicio","item":"https:\/\/www.elhogareducador.org\/ehe\/"},{"@type":"ListItem","position":2,"name":"La envidia: la lucha silenciosa entre hermanos"}]},{"@type":"WebSite","@id":"https:\/\/www.elhogareducador.org\/ehe\/#website","url":"https:\/\/www.elhogareducador.org\/ehe\/","name":"El Hogar Educador","description":"Orienta, capacita y apoya a las familias que educan en el hogar en el mundo hispano.","publisher":{"@id":"https:\/\/www.elhogareducador.org\/ehe\/#organization"},"potentialAction":[{"@type":"SearchAction","target":{"@type":"EntryPoint","urlTemplate":"https:\/\/www.elhogareducador.org\/ehe\/?s={search_term_string}"},"query-input":{"@type":"PropertyValueSpecification","valueRequired":true,"valueName":"search_term_string"}}],"inLanguage":"es"},{"@type":"Organization","@id":"https:\/\/www.elhogareducador.org\/ehe\/#organization","name":"El Hogar Educador","url":"https:\/\/www.elhogareducador.org\/ehe\/","logo":{"@type":"ImageObject","inLanguage":"es","@id":"https:\/\/www.elhogareducador.org\/ehe\/#\/schema\/logo\/image\/","url":"https:\/\/www.elhogareducador.org\/ehe\/wp-content\/uploads\/2019\/11\/logo-ehe3.png","contentUrl":"https:\/\/www.elhogareducador.org\/ehe\/wp-content\/uploads\/2019\/11\/logo-ehe3.png","width":418,"height":46,"caption":"El Hogar Educador"},"image":{"@id":"https:\/\/www.elhogareducador.org\/ehe\/#\/schema\/logo\/image\/"},"sameAs":["https:\/\/www.facebook.com\/ElHogarEducador"]},{"@type":"Person","@id":"https:\/\/www.elhogareducador.org\/ehe\/#\/schema\/person\/0ba0d5424cb336e9441a348b0b750294","name":"El Hogar Educador","image":{"@type":"ImageObject","inLanguage":"es","@id":"https:\/\/secure.gravatar.com\/avatar\/98ffefa80d235fb2ec35dd0b69d242693c3b3fa92864a6f87951965a4ca66783?s=96&d=blank&r=g","url":"https:\/\/secure.gravatar.com\/avatar\/98ffefa80d235fb2ec35dd0b69d242693c3b3fa92864a6f87951965a4ca66783?s=96&d=blank&r=g","contentUrl":"https:\/\/secure.gravatar.com\/avatar\/98ffefa80d235fb2ec35dd0b69d242693c3b3fa92864a6f87951965a4ca66783?s=96&d=blank&r=g","caption":"El Hogar Educador"},"url":"https:\/\/www.elhogareducador.org\/ehe\/author\/eheadministrador\/"}]}},"_links":{"self":[{"href":"https:\/\/www.elhogareducador.org\/ehe\/wp-json\/wp\/v2\/posts\/3030","targetHints":{"allow":["GET"]}}],"collection":[{"href":"https:\/\/www.elhogareducador.org\/ehe\/wp-json\/wp\/v2\/posts"}],"about":[{"href":"https:\/\/www.elhogareducador.org\/ehe\/wp-json\/wp\/v2\/types\/post"}],"author":[{"embeddable":true,"href":"https:\/\/www.elhogareducador.org\/ehe\/wp-json\/wp\/v2\/users\/1"}],"replies":[{"embeddable":true,"href":"https:\/\/www.elhogareducador.org\/ehe\/wp-json\/wp\/v2\/comments?post=3030"}],"version-history":[{"count":1,"href":"https:\/\/www.elhogareducador.org\/ehe\/wp-json\/wp\/v2\/posts\/3030\/revisions"}],"predecessor-version":[{"id":3032,"href":"https:\/\/www.elhogareducador.org\/ehe\/wp-json\/wp\/v2\/posts\/3030\/revisions\/3032"}],"wp:featuredmedia":[{"embeddable":true,"href":"https:\/\/www.elhogareducador.org\/ehe\/wp-json\/wp\/v2\/media\/3031"}],"wp:attachment":[{"href":"https:\/\/www.elhogareducador.org\/ehe\/wp-json\/wp\/v2\/media?parent=3030"}],"wp:term":[{"taxonomy":"category","embeddable":true,"href":"https:\/\/www.elhogareducador.org\/ehe\/wp-json\/wp\/v2\/categories?post=3030"},{"taxonomy":"post_tag","embeddable":true,"href":"https:\/\/www.elhogareducador.org\/ehe\/wp-json\/wp\/v2\/tags?post=3030"}],"curies":[{"name":"wp","href":"https:\/\/api.w.org\/{rel}","templated":true}]}}